{"id":12397,"date":"2022-11-09T08:54:50","date_gmt":"2022-11-09T08:54:50","guid":{"rendered":"http:\/\/www.univ-usto.dz\/faculte\/fac-archicivil\/?p=12397"},"modified":"2023-11-08T10:42:35","modified_gmt":"2023-11-08T10:42:35","slug":"arretes","status":"publish","type":"post","link":"https:\/\/www.univ-usto.dz\/faculte\/fac-archicivil\/arretes\/","title":{"rendered":"Les d\u00e9crets, arr\u00eat\u00e9s et circulaires du minist\u00e8re de l&rsquo;Int\u00e9rieur"},"content":{"rendered":"\t\t<div data-elementor-type=\"wp-post\" data-elementor-id=\"12397\" class=\"elementor elementor-12397\">\n\t\t\t\t\t\t<section class=\"elementor-section elementor-top-section elementor-element elementor-element-604a484 elementor-section-boxed elementor-section-height-default elementor-section-height-default\" data-id=\"604a484\" data-element_type=\"section\">\n\t\t\t\t\t\t<div class=\"elementor-container elementor-column-gap-default\">\n\t\t\t\t\t<div class=\"elementor-column elementor-col-100 elementor-top-column elementor-element elementor-element-4701d9e\" data-id=\"4701d9e\" data-element_type=\"column\">\n\t\t\t<div class=\"elementor-widget-wrap elementor-element-populated\">\n\t\t\t\t\t\t<div class=\"elementor-element elementor-element-c3cb35f elementor-widget elementor-widget-text-editor\" data-id=\"c3cb35f\" data-element_type=\"widget\" data-widget_type=\"text-editor.default\">\n\t\t\t\t<div class=\"elementor-widget-container\">\n\t\t\t\t\t\t\t\t\t<ul><li><a href=\"https:\/\/www.univ-usto.dz\/faculte\/fac-archicivil\/wp-content\/uploads\/2023\/02\/Arrete_171-du-09-2-2023_Modalites-dacces-evaluation-et-progression_Ar.pdf\"><strong>Arr\u00eat\u00e9_171 du 09-2-2023_<\/strong><\/a>Modalit\u00e9s d&rsquo;acc\u00e8s, \u00e9valuation et progression_Ar<\/li><li><b><u>Arr\u00eat\u00e9 n\u00b0 711 d<a href=\"https:\/\/www.univ-usto.dz\/faculte\/fac-archicivil\/wp-content\/uploads\/2022\/11\/Arrete-711-du-03-novembre-2011-fr.pdf\" data-wplink-edit=\"true\">u 03 novembre 2011 (R\u00e8gles)<\/a>: <\/u><\/b>fixant les r\u00e8gles d&rsquo;organisation et de gestion p\u00e9dagogiques communes aux \u00e9tudes universitaires en vue de l&rsquo;obtention des dipl\u00f4mes de Licence et de Master.<\/li><li><b><u><a href=\"https:\/\/www.univ-usto.dz\/faculte\/fac-archicivil\/wp-content\/uploads\/2022\/11\/Arrete-712-du-03-novembre-2011-fr.pdf\">Arr\u00eat\u00e9 n\u00b0 712 du 03 novembre 2011 (Modalit\u00e9s)<\/a> : <\/u><\/b>fixant les modalit\u00e9s d&rsquo;\u00e9valuation, de progression et d&rsquo;orientation dans les cycles d&rsquo;\u00e9tudes en vue de l&rsquo;obtention des dipl\u00f4mes de Licence et de Master.<\/li><li><b><u><a href=\"https:\/\/www.univ-usto.dz\/faculte\/fac-archicivil\/wp-content\/uploads\/2022\/11\/Arrete-713-du-03-novembre-2011-fr.pdf\">Arr\u00eat\u00e9 n\u00b0 713 du 03 novembre 2011 (Tutorat)<\/a>: <\/u><\/b>fixant la composition et le fonctionnement de la commission du Tutorat.<\/li><li><b><u><a href=\"https:\/\/www.univ-usto.dz\/faculte\/fac-archicivil\/wp-content\/uploads\/2022\/11\/Arrete-714-du-03-novembre-2011-fr.pdf\">Arr\u00eat\u00e9 n\u00b0 714 du 03 novembre 2011 (Classement)<\/a>:<\/u><\/b><u>\u00a0<\/u>portant modalit\u00e9s de classement des \u00e9tudiants.<\/li><li><b><u><a href=\"https:\/\/www.univ-usto.dz\/faculte\/fac-archicivil\/wp-content\/uploads\/2022\/11\/Arrete-n\u00b0-715-du-03-novembre-2011-Master-ecoles.pdf\">Arr\u00eat\u00e9 n\u00b0 715 du 03 novembre 2011(Master, \u00e9coles)<\/a>: <\/u><\/b>fixant les conditions d&rsquo;obtention du dipl\u00f4mes de Master aux \u00e9tudiants inscrits pour l&rsquo;obtention du dipl\u00f4mes d&rsquo;Ing\u00e9nieur d&rsquo;Etat, du dipl\u00f4mes d&rsquo;Architecte dans les \u00e9coles hors universit\u00e9.<\/li><li><b><u><a href=\"https:\/\/www.univ-usto.dz\/faculte\/fac-archicivil\/wp-content\/uploads\/2022\/11\/Decret_executif2022Regime-des-etudes.pdf\">D\u00e9cret ex\u00e9cutif n\u00b0 22-208 du 5 Dhou El Ka\u00e2da 1443 correspondant au 5 juin 2022<\/a> : <\/u><\/b>fixant le r\u00e9gime des \u00e9tudes et de la formation en vue de l&rsquo;obtention des dipl\u00f4mes de l\u2019enseignement sup\u00e9rieur.<\/li><li><a href=\"https:\/\/www.univ-usto.dz\/faculte\/fac-archicivil\/wp-content\/uploads\/2022\/11\/Ar_998_Modalites-daces-en-Master.pdf\"><strong>Arr\u00eat\u00e9 n\u00b0992 du 01 Ao\u00fbt 2022<\/strong><\/a> :fixant les modalit\u00e9s d&rsquo;inscription et de r\u00e9inscription dans les \u00e9tudes universitaires en vue de l&rsquo;obtention des dipl\u00f4mes de Licence, de Master, d&rsquo;Ing\u00e9nieur d&rsquo;Etat et d&rsquo;Architecte ainsi que et les modalit\u00e9s d&rsquo;organisation, d&rsquo;\u00e9valuation et de progression dans les \u00e9tudes.<\/li><li><a href=\"https:\/\/www.univ-usto.dz\/faculte\/fac-archicivil\/wp-content\/uploads\/2022\/11\/Ar_992_Modalites-communes.pdf\">Arr\u00eat\u00e9 n\u00b0998 du 02 Ao\u00fbt 2022\u00a0<\/a>: fixant les conditions d&rsquo;acc\u00e8s, les modalit\u00e9s d&rsquo;orientation et l&rsquo;inscription aux \u00e9tudes universitaires en vue de l&rsquo;obtention du dipl\u00f4me de Master.<\/li><li><b><u><a href=\"https:\/\/www.univ-usto.dz\/faculte\/fac-archicivil\/wp-content\/uploads\/2022\/11\/conseil_discipline.pdf\">Arr\u00eat\u00e9 n\u00b0 371 du 11 juin 2014<\/a> :<\/u><\/b> correspondant au portant cr\u00e9ation, composition et fonctionnement des conseils de discipline au sein des \u00e9tablissements d&rsquo;enseignement sup\u00e9rieur.<\/li><\/ul>\t\t\t\t\t\t\t\t<\/div>\n\t\t\t\t<\/div>\n\t\t\t\t<div class=\"elementor-element elementor-element-e725cf7 elementor-widget elementor-widget-heading\" data-id=\"e725cf7\" data-element_type=\"widget\" data-widget_type=\"heading.default\">\n\t\t\t\t<div class=\"elementor-widget-container\">\n\t\t\t\t\t<h2 class=\"elementor-heading-title elementor-size-default\">Les arr\u00eat\u00e9s de programmes des formations GC et Hydraulique<\/h2>\t\t\t\t<\/div>\n\t\t\t\t<\/div>\n\t\t\t\t<div class=\"elementor-element elementor-element-1340b70 elementor-widget elementor-widget-text-editor\" data-id=\"1340b70\" data-element_type=\"widget\" data-widget_type=\"text-editor.default\">\n\t\t\t\t<div class=\"elementor-widget-container\">\n\t\t\t\t\t\t\t\t\t<ul><li style=\"text-align: left;\"><strong><a href=\"https:\/\/www.univ-usto.dz\/faculte\/fac-archicivil\/wp-content\/uploads\/2023\/03\/Arrete-n\u00b0247-du-26-fevrier-2023-fixant-le-programme-des-enseignants-en-vue-de-lobtention-du-dipolome-de-Master-ST-Constructions-metaliues-et-mixtes-1.pdf\">Arr\u00e9t\u00e9 n\u00b0247 du 26 f\u00e9vrier 2023 <\/a><\/strong>\u00a0:fixant le programme des enseignants en vue de l&rsquo;obtention du dipolome de Master ST Constructions m\u00e9taliues et mixtes.<\/li><li style=\"text-align: left;\"><strong><a href=\"https:\/\/www.univ-usto.dz\/faculte\/fac-archicivil\/wp-content\/uploads\/2023\/03\/Arrete-n\u00b0248-du-26-fevrier-2023-fixant-le-programme-des-enseignants-en-vue-de-lobtention-du-dipolome-de-Master-ST-Equipement-de-lhabitat.pdf\">Arr\u00e9t\u00e9 n\u00b0248 du 26 f\u00e9vrier 2023 <\/a><\/strong>:fixant le programme des enseignants en vue de l&rsquo;obtention du dipolome de Master ST Equipement de l&rsquo;habitat.<\/li><li style=\"text-align: left;\"><a href=\"https:\/\/www.univ-usto.dz\/faculte\/fac-archicivil\/wp-content\/uploads\/2023\/03\/Arrete-n\u00b0249-du-26-fevrier-2023-fixant-le-programme-des-enseignants-en-vue-de-lobtention-du-dipolome-de-Master-ST-Geotechnique.pdf\"><strong>Arr\u00e9t\u00e9 n\u00b0249 du 26 f\u00e9vrier 2023<\/strong><\/a> :fixant le programme des enseignants en vue de l&rsquo;obtention du dipolome de Master ST G\u00e9otechnique.<\/li><li style=\"text-align: left;\"><a href=\"https:\/\/www.univ-usto.dz\/faculte\/fac-archicivil\/wp-content\/uploads\/2023\/03\/Arrete-n\u00b0250-du-26-fevrier-2023-fixant-le-programme-des-enseignants-en-vue-de-lobtention-du-dipolome-de-Master-Materiaux-en-genie-civil.pdf\"><strong>Arr\u00e9t\u00e9 n\u00b0250 du 26 f\u00e9vrier 2023<\/strong><\/a> : fixant le programme des enseignants en vue de l&rsquo;obtention du dipolome de Master Mat\u00e9riaux en g\u00e9nie civil.<\/li><li style=\"text-align: left;\"><a href=\"https:\/\/www.univ-usto.dz\/faculte\/fac-archicivil\/wp-content\/uploads\/2023\/03\/Arrete-n\u00b0251-du-26-fevrier-2023-fixant-le-programme-des-enseignants-en-vue-de-lobtention-du-dipolome-de-Master-Structures.pdf\"><strong>Arr\u00e9t\u00e9 n\u00b0251 du 26 f\u00e9vrier 2023<\/strong><\/a>: fixant le programme des enseignants en vue de l&rsquo;obtention du dipolome de Master Structures.<\/li><li style=\"text-align: left;\"><a href=\"https:\/\/www.univ-usto.dz\/faculte\/fac-archicivil\/wp-content\/uploads\/2023\/03\/Arrete-n\u00b0264-du-26-fevrier-2023-fixant-le-programme-des-enseignants-en-vue-de-lobtention-du-dipolome-de-Master-Travaux-public.pdf\"><strong>Arr\u00e9t\u00e9 n\u00b0264 du 26 f\u00e9vrier 2023<\/strong><\/a> :fixant le programme des enseignants en vue de l&rsquo;obtention du dipolome de Master Travaux public.<\/li><li style=\"text-align: left;\"><strong><a href=\"https:\/\/www.univ-usto.dz\/faculte\/fac-archicivil\/wp-content\/uploads\/2023\/03\/Arrete-n\u00b0275-du-26-fevrier-2023-fixant-le-programme-des-enseignants-en-vue-de-lobtention-du-dipolome-de-Master-ouvrages-Hydraurauliques.pdf\"><span style=\"text-decoration: underline;\">Arr\u00e9t\u00e9 n\u00b0275 du 26 f\u00e9vrier 2023<\/span><\/a><\/strong>: fixant le programme des enseignants en vue de l&rsquo;obtention du dipolome de Master ouvrages Hydraurauliques.<\/li><li style=\"text-align: left;\"><a href=\"https:\/\/www.univ-usto.dz\/faculte\/fac-archicivil\/wp-content\/uploads\/2023\/03\/Arrete-n\u00b0276-du-26-fevrier-2023-fixant-le-programme-des-enseignants-en-vue-de-lobtention-du-dipolome-de-Master-Hydraulique.pdf\"><strong><span style=\"text-decoration: underline;\">Arr\u00e9t\u00e9 n\u00b0276 du 26 f\u00e9vrier 2023<\/span><\/strong>:<\/a> fixant le programme des enseignants en vue de l&rsquo;obtention du dipolome de Master Hydraulique.<\/li><li style=\"text-align: left;\"><strong><span style=\"text-decoration: underline;\"><a href=\"https:\/\/www.univ-usto.dz\/faculte\/fac-archicivil\/wp-content\/uploads\/2023\/03\/Arrete-n\u00b0277-du-26-fevrier-2023-fixant-le-programme-des-enseignants-en-vue-de-lobtention-du-dipolome-de-Master-Ressources-en-eau.pdf\">Arr\u00e9t\u00e9 n\u00b0277 du 26 f\u00e9vrier 2023<\/a><\/span><\/strong>: fixant le programme des enseignants en vue de l&rsquo;obtention du dipolome de Master Ressources en eau.<\/li><li style=\"text-align: left;\">\u00a0<\/li><\/ul>\t\t\t\t\t\t\t\t<\/div>\n\t\t\t\t<\/div>\n\t\t\t\t\t<\/div>\n\t\t<\/div>\n\t\t\t\t\t<\/div>\n\t\t<\/section>\n\t\t\t\t<\/div>\n\t\t","protected":false},"excerpt":{"rendered":"<p>Arr\u00eat\u00e9_171 du 09-2-2023_Modalit\u00e9s d&rsquo;acc\u00e8s, \u00e9valuation et progression_Ar Arr\u00eat\u00e9 n\u00b0 711 du 03 novembre 2011 (R\u00e8gles): fixant les r\u00e8gles d&rsquo;organisation et de gestion p\u00e9dagogiques communes aux \u00e9tudes universitaires en vue de <a href=\"https:\/\/www.univ-usto.dz\/faculte\/fac-archicivil\/arretes\/\" class=\"read-more\">Lire la suite &#8230;<\/a><\/p>\n","protected":false},"author":24,"featured_media":0,"comment_status":"closed","ping_status":"closed","sticky":false,"template":"","format":"standard","meta":{"footnotes":""},"categories":[123],"tags":[],"class_list":["post-12397","post","type-post","status-publish","format-standard","hentry","category-annonces"],"_links":{"self":[{"href":"https:\/\/www.univ-usto.dz\/faculte\/fac-archicivil\/wp-json\/wp\/v2\/posts\/12397","targetHints":{"allow":["GET"]}}],"collection":[{"href":"https:\/\/www.univ-usto.dz\/faculte\/fac-archicivil\/wp-json\/wp\/v2\/posts"}],"about":[{"href":"https:\/\/www.univ-usto.dz\/faculte\/fac-archicivil\/wp-json\/wp\/v2\/types\/post"}],"author":[{"embeddable":true,"href":"https:\/\/www.univ-usto.dz\/faculte\/fac-archicivil\/wp-json\/wp\/v2\/users\/24"}],"replies":[{"embeddable":true,"href":"https:\/\/www.univ-usto.dz\/faculte\/fac-archicivil\/wp-json\/wp\/v2\/comments?post=12397"}],"version-history":[{"count":19,"href":"https:\/\/www.univ-usto.dz\/faculte\/fac-archicivil\/wp-json\/wp\/v2\/posts\/12397\/revisions"}],"predecessor-version":[{"id":15046,"href":"https:\/\/www.univ-usto.dz\/faculte\/fac-archicivil\/wp-json\/wp\/v2\/posts\/12397\/revisions\/15046"}],"wp:attachment":[{"href":"https:\/\/www.univ-usto.dz\/faculte\/fac-archicivil\/wp-json\/wp\/v2\/media?parent=12397"}],"wp:term":[{"taxonomy":"category","embeddable":true,"href":"https:\/\/www.univ-usto.dz\/faculte\/fac-archicivil\/wp-json\/wp\/v2\/categories?post=12397"},{"taxonomy":"post_tag","embeddable":true,"href":"https:\/\/www.univ-usto.dz\/faculte\/fac-archicivil\/wp-json\/wp\/v2\/tags?post=12397"}],"curies":[{"name":"wp","href":"https:\/\/api.w.org\/{rel}","templated":true}]}}