{"id":14999,"date":"2023-03-21T09:21:46","date_gmt":"2023-03-21T09:21:46","guid":{"rendered":"http:\/\/www.univ-usto.dz\/faculte\/fac-archicivil\/?p=14999"},"modified":"2023-03-21T09:24:06","modified_gmt":"2023-03-21T09:24:06","slug":"les-inscriptions-aux-webinaires-wast-2023","status":"publish","type":"post","link":"https:\/\/www.univ-usto.dz\/faculte\/fac-archicivil\/les-inscriptions-aux-webinaires-wast-2023\/","title":{"rendered":"Les inscriptions aux Webinaires WAST&rsquo; 2023"},"content":{"rendered":"\t\t<div data-elementor-type=\"wp-post\" data-elementor-id=\"14999\" class=\"elementor elementor-14999\">\n\t\t\t\t\t\t<section class=\"elementor-section elementor-top-section elementor-element elementor-element-ac2161a elementor-section-boxed elementor-section-height-default elementor-section-height-default\" data-id=\"ac2161a\" data-element_type=\"section\">\n\t\t\t\t\t\t<div class=\"elementor-container elementor-column-gap-default\">\n\t\t\t\t\t<div class=\"elementor-column elementor-col-100 elementor-top-column elementor-element elementor-element-8106b76\" data-id=\"8106b76\" data-element_type=\"column\">\n\t\t\t<div class=\"elementor-widget-wrap elementor-element-populated\">\n\t\t\t\t\t\t<div class=\"elementor-element elementor-element-0487994 elementor-widget elementor-widget-text-editor\" data-id=\"0487994\" data-element_type=\"widget\" data-widget_type=\"text-editor.default\">\n\t\t\t\t<div class=\"elementor-widget-container\">\n\t\t\t\t\t\t\t\t\t<div><b>Je vous prie de bien vouloir trouver ci-joint la pr\u00e9sente annonce relative \u00e0 l&rsquo;organisation de cours en ligne du <u>22 avril au 01 juillet 2023<\/u>.<\/b><\/div><div><b><u>Le public cibl\u00e9 sont <\/u>: les \u00e9tudiants, les doctorants, les enseignants, les chercheurs, les cadres&#8230;qui sont invit\u00e9s<\/b><span style=\"font-size: small;\"><b> \u00e0 s&rsquo;inscrire en ligne en r\u00e9pondant au questionnaire suivant :<\/b>\u00a0<\/span> <\/div><div><p><span style=\"font-size: small;\"><b>Arabe:\u00a0 \u00a0\u00a0<\/b><a href=\"https:\/\/saweb.dzportal.net\/index.php\/626513?lang=ar\" target=\"_blank\" rel=\"nofollow noopener noreferrer\" data-saferedirecturl=\"https:\/\/www.google.com\/url?q=https:\/\/saweb.dzportal.net\/index.php\/626513?lang%3Dar&amp;source=gmail&amp;ust=1679475270464000&amp;usg=AOvVaw3119lPb64G8wTpE7QGfQo5\"><b>https:\/\/saweb.dzportal.net\/<wbr \/>index.php\/626513?lang=ar<\/b><\/a><br \/><\/span><\/p><p><span style=\"font-size: small;\"><b>Anglais:\u00a0 \u00a0 \u00a0\u00a0<\/b><a href=\"https:\/\/saweb.dzportal.net\/index.php\/626513?lang=en\" target=\"_blank\" rel=\"nofollow noopener noreferrer\" data-saferedirecturl=\"https:\/\/www.google.com\/url?q=https:\/\/saweb.dzportal.net\/index.php\/626513?lang%3Den&amp;source=gmail&amp;ust=1679475270464000&amp;usg=AOvVaw18Bp6TPMkSOT7_8h-f_Xip\"><b>https:\/\/saweb.dzportal.net\/<wbr \/>index.php\/626513?lang=en<\/b><\/a><br \/><\/span><\/p><p><span style=\"font-size: small;\"><b>Fran\u00e7ais:\u00a0 \u00a0 \u00a0<\/b><b>\u00a0<\/b><a href=\"https:\/\/saweb.dzportal.net\/index.php\/626513?lang=fr\" target=\"_blank\" rel=\"nofollow noopener noreferrer\" data-saferedirecturl=\"https:\/\/www.google.com\/url?q=https:\/\/saweb.dzportal.net\/index.php\/626513?lang%3Dfr&amp;source=gmail&amp;ust=1679475270464000&amp;usg=AOvVaw0lbaTC21nVNlTzT509i7Zv\"><b>https:\/\/saweb.dzportal.net\/<wbr \/>index.php\/626513?lang=fr<\/b><\/a><\/span><span style=\"font-size: small;\"><b><br \/><\/b><\/span><\/p><p><b><span style=\"font-size: small;\">Les <span>inscriptions aux Webinaires WAST&rsquo; 2023<\/span><\/span><span style=\"font-size: small;\"> se font<\/span><span style=\"font-size: small;\"> chaque samedi de <u>18h00 \u00e0 19h00 Heure alg\u00e9rienne<\/u><\/span><u><span style=\"font-size: small;\"> du 22\u00a0avril 2023 au 1er juillet 2023.<\/span><\/u><\/b><\/p><p><b><span style=\"font-size: small;\">Pour plus d&rsquo;informations , voici les deux adresses <\/span><u><\/u><\/b><a href=\"mailto:webinar@algeriansca-dz.org\" target=\"_blank\" rel=\"nofollow noopener noreferrer\">webinar@algeriansca-dz.org<\/a><span style=\"font-size: small;\"><br \/><\/span><\/p><p><span style=\"font-size: small;\"><a href=\"http:\/\/www.algeriansca-dz.org\/\" target=\"_blank\" rel=\"nofollow noopener noreferrer\" data-saferedirecturl=\"https:\/\/www.google.com\/url?q=http:\/\/www.algeriansca-dz.org\/&amp;source=gmail&amp;ust=1679475270464000&amp;usg=AOvVaw1jZcGzl3agCKdCN6nQpN9T\"><b>www.algeria<\/b><\/a><b><a href=\"http:\/\/nsca-dz.org\" target=\"_blank\" rel=\"nofollow noopener noreferrer\" data-saferedirecturl=\"https:\/\/www.google.com\/url?q=http:\/\/nsca-dz.org&amp;source=gmail&amp;ust=1679475270464000&amp;usg=AOvVaw2y0RlxAqsBV8j3afaK_bls\">nsca-dz.org<\/a><\/b><\/span><\/p><\/div>\t\t\t\t\t\t\t\t<\/div>\n\t\t\t\t<\/div>\n\t\t\t\t\t<\/div>\n\t\t<\/div>\n\t\t\t\t\t<\/div>\n\t\t<\/section>\n\t\t\t\t<\/div>\n\t\t","protected":false},"excerpt":{"rendered":"<p>Je vous prie de bien vouloir trouver ci-joint la pr\u00e9sente annonce relative \u00e0 l&rsquo;organisation de cours en ligne du 22 avril au 01 juillet 2023.Le public cibl\u00e9 sont : les <a href=\"https:\/\/www.univ-usto.dz\/faculte\/fac-archicivil\/les-inscriptions-aux-webinaires-wast-2023\/\" class=\"read-more\">Lire la suite &#8230;<\/a><\/p>\n","protected":false},"author":24,"featured_media":0,"comment_status":"closed","ping_status":"closed","sticky":false,"template":"","format":"standard","meta":{"footnotes":""},"categories":[123],"tags":[],"class_list":["post-14999","post","type-post","status-publish","format-standard","hentry","category-annonces"],"_links":{"self":[{"href":"https:\/\/www.univ-usto.dz\/faculte\/fac-archicivil\/wp-json\/wp\/v2\/posts\/14999","targetHints":{"allow":["GET"]}}],"collection":[{"href":"https:\/\/www.univ-usto.dz\/faculte\/fac-archicivil\/wp-json\/wp\/v2\/posts"}],"about":[{"href":"https:\/\/www.univ-usto.dz\/faculte\/fac-archicivil\/wp-json\/wp\/v2\/types\/post"}],"author":[{"embeddable":true,"href":"https:\/\/www.univ-usto.dz\/faculte\/fac-archicivil\/wp-json\/wp\/v2\/users\/24"}],"replies":[{"embeddable":true,"href":"https:\/\/www.univ-usto.dz\/faculte\/fac-archicivil\/wp-json\/wp\/v2\/comments?post=14999"}],"version-history":[{"count":3,"href":"https:\/\/www.univ-usto.dz\/faculte\/fac-archicivil\/wp-json\/wp\/v2\/posts\/14999\/revisions"}],"predecessor-version":[{"id":15002,"href":"https:\/\/www.univ-usto.dz\/faculte\/fac-archicivil\/wp-json\/wp\/v2\/posts\/14999\/revisions\/15002"}],"wp:attachment":[{"href":"https:\/\/www.univ-usto.dz\/faculte\/fac-archicivil\/wp-json\/wp\/v2\/media?parent=14999"}],"wp:term":[{"taxonomy":"category","embeddable":true,"href":"https:\/\/www.univ-usto.dz\/faculte\/fac-archicivil\/wp-json\/wp\/v2\/categories?post=14999"},{"taxonomy":"post_tag","embeddable":true,"href":"https:\/\/www.univ-usto.dz\/faculte\/fac-archicivil\/wp-json\/wp\/v2\/tags?post=14999"}],"curies":[{"name":"wp","href":"https:\/\/api.w.org\/{rel}","templated":true}]}}