{"id":15278,"date":"2023-05-18T08:59:59","date_gmt":"2023-05-18T08:59:59","guid":{"rendered":"https:\/\/www.univ-usto.dz\/faculte\/fac-archicivil\/?p=15278"},"modified":"2023-05-18T09:02:57","modified_gmt":"2023-05-18T09:02:57","slug":"atelier-oran-strasbourg-2023","status":"publish","type":"post","link":"https:\/\/www.univ-usto.dz\/faculte\/fac-archicivil\/atelier-oran-strasbourg-2023\/","title":{"rendered":"Une visite de courtoisie de M. le Prof. HAMOU Ahmed, Recteur de l&rsquo;USTO-MB"},"content":{"rendered":"\t\t<div data-elementor-type=\"wp-post\" data-elementor-id=\"15278\" class=\"elementor elementor-15278\">\n\t\t\t\t\t\t<section class=\"elementor-section elementor-top-section elementor-element elementor-element-37319f5 elementor-section-boxed elementor-section-height-default elementor-section-height-default\" data-id=\"37319f5\" data-element_type=\"section\">\n\t\t\t\t\t\t<div class=\"elementor-container elementor-column-gap-default\">\n\t\t\t\t\t<div class=\"elementor-column elementor-col-100 elementor-top-column elementor-element elementor-element-4d25d92\" data-id=\"4d25d92\" data-element_type=\"column\">\n\t\t\t<div class=\"elementor-widget-wrap elementor-element-populated\">\n\t\t\t\t\t\t<div class=\"elementor-element elementor-element-8a5cdac elementor-widget elementor-widget-text-editor\" data-id=\"8a5cdac\" data-element_type=\"widget\" data-widget_type=\"text-editor.default\">\n\t\t\t\t<div class=\"elementor-widget-container\">\n\t\t\t\t\t\t\t\t\t<p>Une visite de courtoisie de M. le Prof. HAMOU Ahmed, Recteur de l&rsquo;USTO-MB a eu lieu \u00e0 la facult\u00e9 d&rsquo;architecture et de G\u00e9nie Civil a permis d&rsquo;encourager l&rsquo;atelier d&rsquo;architecture entre l&rsquo;USTO-MB et l&rsquo;Ecole Nationale Sup\u00e9rieure d&rsquo;Architecture de Strasbourg. Cet atelier, plac\u00e9 sous la responsabilit\u00e9 de deux enseignants, Volker Ziegler (ENSAS) et Djillali Tahraoui (USTO), et du Doyen Nedjar a permis aux \u00e9tudiants des deux institutions de travailler ensemble du 8 mai au 22 mai<\/p>\t\t\t\t\t\t\t\t<\/div>\n\t\t\t\t<\/div>\n\t\t\t\t\t<\/div>\n\t\t<\/div>\n\t\t\t\t\t<\/div>\n\t\t<\/section>\n\t\t\t\t<\/div>\n\t\t","protected":false},"excerpt":{"rendered":"<p>Une visite de courtoisie de M. le Prof. HAMOU Ahmed, Recteur de l&rsquo;USTO-MB a eu lieu \u00e0 la facult\u00e9 d&rsquo;architecture et de G\u00e9nie Civil a permis d&rsquo;encourager l&rsquo;atelier d&rsquo;architecture entre <a href=\"https:\/\/www.univ-usto.dz\/faculte\/fac-archicivil\/atelier-oran-strasbourg-2023\/\" class=\"read-more\">Lire la suite &#8230;<\/a><\/p>\n","protected":false},"author":24,"featured_media":0,"comment_status":"closed","ping_status":"closed","sticky":false,"template":"","format":"standard","meta":{"footnotes":""},"categories":[18],"tags":[],"class_list":["post-15278","post","type-post","status-publish","format-standard","hentry","category-evenement"],"_links":{"self":[{"href":"https:\/\/www.univ-usto.dz\/faculte\/fac-archicivil\/wp-json\/wp\/v2\/posts\/15278","targetHints":{"allow":["GET"]}}],"collection":[{"href":"https:\/\/www.univ-usto.dz\/faculte\/fac-archicivil\/wp-json\/wp\/v2\/posts"}],"about":[{"href":"https:\/\/www.univ-usto.dz\/faculte\/fac-archicivil\/wp-json\/wp\/v2\/types\/post"}],"author":[{"embeddable":true,"href":"https:\/\/www.univ-usto.dz\/faculte\/fac-archicivil\/wp-json\/wp\/v2\/users\/24"}],"replies":[{"embeddable":true,"href":"https:\/\/www.univ-usto.dz\/faculte\/fac-archicivil\/wp-json\/wp\/v2\/comments?post=15278"}],"version-history":[{"count":6,"href":"https:\/\/www.univ-usto.dz\/faculte\/fac-archicivil\/wp-json\/wp\/v2\/posts\/15278\/revisions"}],"predecessor-version":[{"id":15284,"href":"https:\/\/www.univ-usto.dz\/faculte\/fac-archicivil\/wp-json\/wp\/v2\/posts\/15278\/revisions\/15284"}],"wp:attachment":[{"href":"https:\/\/www.univ-usto.dz\/faculte\/fac-archicivil\/wp-json\/wp\/v2\/media?parent=15278"}],"wp:term":[{"taxonomy":"category","embeddable":true,"href":"https:\/\/www.univ-usto.dz\/faculte\/fac-archicivil\/wp-json\/wp\/v2\/categories?post=15278"},{"taxonomy":"post_tag","embeddable":true,"href":"https:\/\/www.univ-usto.dz\/faculte\/fac-archicivil\/wp-json\/wp\/v2\/tags?post=15278"}],"curies":[{"name":"wp","href":"https:\/\/api.w.org\/{rel}","templated":true}]}}