{"id":15298,"date":"2023-05-23T11:14:06","date_gmt":"2023-05-23T11:14:06","guid":{"rendered":"https:\/\/www.univ-usto.dz\/faculte\/fac-archicivil\/?p=15298"},"modified":"2023-05-23T11:34:21","modified_gmt":"2023-05-23T11:34:21","slug":"le-dossier-a-constituer-par-les-doctorants-non-salaries-pour-beneficier-des-stages-de-courte-duree","status":"publish","type":"post","link":"https:\/\/www.univ-usto.dz\/faculte\/fac-archicivil\/le-dossier-a-constituer-par-les-doctorants-non-salaries-pour-beneficier-des-stages-de-courte-duree\/","title":{"rendered":"Le dossier \u00e0 constituer par les doctorants non salari\u00e9s pour b\u00e9n\u00e9ficier des stages de courte dur\u00e9e"},"content":{"rendered":"\t\t<div data-elementor-type=\"wp-post\" data-elementor-id=\"15298\" class=\"elementor elementor-15298\">\n\t\t\t\t\t\t<section class=\"elementor-section elementor-top-section elementor-element elementor-element-1ad2266 elementor-section-boxed elementor-section-height-default elementor-section-height-default\" data-id=\"1ad2266\" data-element_type=\"section\">\n\t\t\t\t\t\t<div class=\"elementor-container elementor-column-gap-default\">\n\t\t\t\t\t<div class=\"elementor-column elementor-col-100 elementor-top-column elementor-element elementor-element-9cf87af\" data-id=\"9cf87af\" data-element_type=\"column\">\n\t\t\t<div class=\"elementor-widget-wrap elementor-element-populated\">\n\t\t\t\t\t\t<div class=\"elementor-element elementor-element-2dd303a elementor-widget elementor-widget-image\" data-id=\"2dd303a\" data-element_type=\"widget\" data-widget_type=\"image.default\">\n\t\t\t\t<div class=\"elementor-widget-container\">\n\t\t\t\t\t\t\t\t\t\t\t\t\t\t\t\t<a href=\"https:\/\/www.univ-usto.dz\/faculte\/fac-archicivil\/wp-content\/uploads\/2023\/05\/Dossier-de-stage-de-courte-duree-pour-les-doctorants-non.-2.jpg\">\n\t\t\t\t\t\t\t<img fetchpriority=\"high\" decoding=\"async\" width=\"725\" height=\"1024\" src=\"https:\/\/www.univ-usto.dz\/faculte\/fac-archicivil\/wp-content\/uploads\/2023\/05\/Dossier-de-stage-de-courte-duree-pour-les-doctorants-non.-2-725x1024.jpg\" class=\"attachment-large size-large wp-image-15303\" alt=\"\" srcset=\"https:\/\/www.univ-usto.dz\/faculte\/fac-archicivil\/wp-content\/uploads\/2023\/05\/Dossier-de-stage-de-courte-duree-pour-les-doctorants-non.-2-725x1024.jpg 725w, https:\/\/www.univ-usto.dz\/faculte\/fac-archicivil\/wp-content\/uploads\/2023\/05\/Dossier-de-stage-de-courte-duree-pour-les-doctorants-non.-2-212x300.jpg 212w, https:\/\/www.univ-usto.dz\/faculte\/fac-archicivil\/wp-content\/uploads\/2023\/05\/Dossier-de-stage-de-courte-duree-pour-les-doctorants-non.-2-768x1085.jpg 768w, https:\/\/www.univ-usto.dz\/faculte\/fac-archicivil\/wp-content\/uploads\/2023\/05\/Dossier-de-stage-de-courte-duree-pour-les-doctorants-non.-2-1087x1536.jpg 1087w, https:\/\/www.univ-usto.dz\/faculte\/fac-archicivil\/wp-content\/uploads\/2023\/05\/Dossier-de-stage-de-courte-duree-pour-les-doctorants-non.-2-191x270.jpg 191w, https:\/\/www.univ-usto.dz\/faculte\/fac-archicivil\/wp-content\/uploads\/2023\/05\/Dossier-de-stage-de-courte-duree-pour-les-doctorants-non.-2-17x24.jpg 17w, https:\/\/www.univ-usto.dz\/faculte\/fac-archicivil\/wp-content\/uploads\/2023\/05\/Dossier-de-stage-de-courte-duree-pour-les-doctorants-non.-2-25x36.jpg 25w, https:\/\/www.univ-usto.dz\/faculte\/fac-archicivil\/wp-content\/uploads\/2023\/05\/Dossier-de-stage-de-courte-duree-pour-les-doctorants-non.-2-34x48.jpg 34w, https:\/\/www.univ-usto.dz\/faculte\/fac-archicivil\/wp-content\/uploads\/2023\/05\/Dossier-de-stage-de-courte-duree-pour-les-doctorants-non.-2.jpg 1241w\" sizes=\"(max-width: 725px) 100vw, 725px\" \/>\t\t\t\t\t\t\t\t<\/a>\n\t\t\t\t\t\t\t\t\t\t\t\t\t\t\t<\/div>\n\t\t\t\t<\/div>\n\t\t\t\t\t<\/div>\n\t\t<\/div>\n\t\t\t\t\t<\/div>\n\t\t<\/section>\n\t\t\t\t<\/div>\n\t\t","protected":false},"excerpt":{"rendered":"","protected":false},"author":24,"featured_media":0,"comment_status":"closed","ping_status":"closed","sticky":false,"template":"","format":"standard","meta":{"footnotes":""},"categories":[123],"tags":[],"class_list":["post-15298","post","type-post","status-publish","format-standard","hentry","category-annonces"],"_links":{"self":[{"href":"https:\/\/www.univ-usto.dz\/faculte\/fac-archicivil\/wp-json\/wp\/v2\/posts\/15298","targetHints":{"allow":["GET"]}}],"collection":[{"href":"https:\/\/www.univ-usto.dz\/faculte\/fac-archicivil\/wp-json\/wp\/v2\/posts"}],"about":[{"href":"https:\/\/www.univ-usto.dz\/faculte\/fac-archicivil\/wp-json\/wp\/v2\/types\/post"}],"author":[{"embeddable":true,"href":"https:\/\/www.univ-usto.dz\/faculte\/fac-archicivil\/wp-json\/wp\/v2\/users\/24"}],"replies":[{"embeddable":true,"href":"https:\/\/www.univ-usto.dz\/faculte\/fac-archicivil\/wp-json\/wp\/v2\/comments?post=15298"}],"version-history":[{"count":6,"href":"https:\/\/www.univ-usto.dz\/faculte\/fac-archicivil\/wp-json\/wp\/v2\/posts\/15298\/revisions"}],"predecessor-version":[{"id":15306,"href":"https:\/\/www.univ-usto.dz\/faculte\/fac-archicivil\/wp-json\/wp\/v2\/posts\/15298\/revisions\/15306"}],"wp:attachment":[{"href":"https:\/\/www.univ-usto.dz\/faculte\/fac-archicivil\/wp-json\/wp\/v2\/media?parent=15298"}],"wp:term":[{"taxonomy":"category","embeddable":true,"href":"https:\/\/www.univ-usto.dz\/faculte\/fac-archicivil\/wp-json\/wp\/v2\/categories?post=15298"},{"taxonomy":"post_tag","embeddable":true,"href":"https:\/\/www.univ-usto.dz\/faculte\/fac-archicivil\/wp-json\/wp\/v2\/tags?post=15298"}],"curies":[{"name":"wp","href":"https:\/\/api.w.org\/{rel}","templated":true}]}}