{"id":12631,"date":"2023-06-11T22:46:25","date_gmt":"2023-06-11T22:46:25","guid":{"rendered":"https:\/\/www.univ-usto.dz\/instituts\/ieps\/?p=12631"},"modified":"2023-06-11T23:59:50","modified_gmt":"2023-06-11T23:59:50","slug":"laboratoire","status":"publish","type":"post","link":"https:\/\/www.univ-usto.dz\/instituts\/ieps\/laboratoire\/","title":{"rendered":"Pr\u00e9sentation du Laboratoire (LAPSEA)"},"content":{"rendered":"\t\t<div data-elementor-type=\"wp-post\" data-elementor-id=\"12631\" class=\"elementor elementor-12631\">\n\t\t\t\t\t\t<section class=\"elementor-section elementor-top-section elementor-element elementor-element-8d8cbdf elementor-section-boxed elementor-section-height-default elementor-section-height-default\" data-id=\"8d8cbdf\" data-element_type=\"section\" data-e-type=\"section\">\n\t\t\t\t\t\t<div class=\"elementor-container elementor-column-gap-default\">\n\t\t\t\t\t<div class=\"elementor-column elementor-col-100 elementor-top-column elementor-element elementor-element-3983404\" data-id=\"3983404\" data-element_type=\"column\" data-e-type=\"column\">\n\t\t\t<div class=\"elementor-widget-wrap elementor-element-populated\">\n\t\t\t\t\t\t<div class=\"elementor-element elementor-element-0921a8c elementor-widget elementor-widget-text-editor\" data-id=\"0921a8c\" data-element_type=\"widget\" data-e-type=\"widget\" data-widget_type=\"text-editor.default\">\n\t\t\t\t<div class=\"elementor-widget-container\">\n\t\t\t\t\t\t\t\t\t<p><strong>&nbsp; &nbsp; &nbsp; &nbsp; &nbsp; &nbsp; &nbsp; &nbsp; &nbsp; &nbsp; &nbsp; &nbsp; &nbsp; &nbsp; &nbsp; &nbsp; &nbsp; &nbsp; &nbsp; &nbsp; &nbsp; &nbsp; &nbsp; &nbsp; &nbsp; &nbsp; &nbsp; &nbsp; &nbsp; &nbsp; &nbsp; &nbsp; &nbsp; Nom du laboratoire<\/strong> <strong>:<\/strong><strong> ACTIVITE PHYSIQUE <\/strong><\/p>\n<p><strong>&nbsp; &nbsp; &nbsp; &nbsp; &nbsp; &nbsp; &nbsp; &nbsp; &nbsp; &nbsp; &nbsp; &nbsp; &nbsp; &nbsp; &nbsp; &nbsp; &nbsp; &nbsp; &nbsp; &nbsp; &nbsp; &nbsp; &nbsp; &nbsp; &nbsp; &nbsp; &nbsp; &nbsp; &nbsp; &nbsp;ET SPORTIVE&nbsp; DE L\u2019ENFANT ET DE L\u2019ADOLESCENT <\/strong>(LAPSEA)<\/p>\n<p><strong>&nbsp;<\/strong><\/p>\n<p><strong>Directeur du laboratoire&nbsp;:<\/strong> <b>KASMI Bachir<\/b><\/p>\n<ul>\n<li><strong>Grade&nbsp;:<\/strong> Professeur <strong>E-mail :<\/strong><a href=\"mailto:kasmi.ustoieps@yaoo.fr\">ustoieps@yaoo.fr<\/a><\/li>\n<li>Tel&nbsp;: 0699612493<\/li>\n<\/ul>\n<p><strong>I- Pr\u00e9sentation:<\/strong><\/p>\n<p>&nbsp;&nbsp;&nbsp;&nbsp;&nbsp; Le laboratoire de recherche (LAPSEA) est cr\u00e9\u00e9 dans le cadre de la mise en \u0153uvre du programme de recherche dans le domaine des STAPS&nbsp;, A ce titre,&nbsp; il est charg\u00e9 de l\u2019ex\u00e9cution de plusieurs th\u00e8mes de recherche pour contribuer au d\u00e9veloppement scientifique et technologique du pays dans le domaine des sciences et technologie du sport&nbsp; de l\u2019enfant et de l\u2019adolescent, Ses activit\u00e9s sont ax\u00e9es sur la recherche appliqu\u00e9e destin\u00e9e au d\u00e9veloppement des nouveaux cursus tels que&nbsp;: les activit\u00e9s physiques et sportives de l\u2019enfant et de l\u2019adolescent comme facteur de sant\u00e9 physique, le sport adapt\u00e9 pour l\u2019encadrement dans les centres sp\u00e9cialis\u00e9s, l\u2019\u00e9ducation physique et sportive comme facteur de r\u00e9ussite scolaire, le sport de haut niveau pour les classes sport-\u00e9tudes et le sport de comp\u00e9tition. Cette approche multidisciplinaire de l\u2019\u00e9tude de l\u2019adaptation de l\u2019enfant et de l\u2019adolescent \u00e0 l\u2019activit\u00e9 physique et sportive permet d\u2019avoir des donn\u00e9es sur cet aspect des jeunes \u00e0 partir de diff\u00e9rents angles de vue et l\u2019utilisation de diverses m\u00e9thodologies de recherche afin de r\u00e9pondre \u00e0 la probl\u00e9matique principale pos\u00e9e par la relation entre la sant\u00e9 des enfants et le niveau d\u2019activit\u00e9 physique et sportive.<\/p>\n<p><strong><em><u>Secteur d\u2019activit\u00e9&nbsp;:<\/u><\/em><\/strong><\/p>\n<ul>\n<li>Secteur \u00e9ducatif (Education Nationale)&nbsp;;<\/li>\n<li>Secteur du sport de performance (jeunesse et sport)&nbsp;;<\/li>\n<\/ul>\t\t\t\t\t\t\t\t<\/div>\n\t\t\t\t<\/div>\n\t\t\t\t\t<\/div>\n\t\t<\/div>\n\t\t\t\t\t<\/div>\n\t\t<\/section>\n\t\t\t\t<section class=\"elementor-section elementor-top-section elementor-element elementor-element-a90489d elementor-section-boxed elementor-section-height-default elementor-section-height-default\" data-id=\"a90489d\" data-element_type=\"section\" data-e-type=\"section\">\n\t\t\t\t\t\t<div class=\"elementor-container elementor-column-gap-default\">\n\t\t\t\t\t<div class=\"elementor-column elementor-col-50 elementor-top-column elementor-element elementor-element-9b2864a\" data-id=\"9b2864a\" data-element_type=\"column\" data-e-type=\"column\">\n\t\t\t<div class=\"elementor-widget-wrap elementor-element-populated\">\n\t\t\t\t\t\t<div class=\"elementor-element elementor-element-ea7161a elementor-widget elementor-widget-text-editor\" data-id=\"ea7161a\" data-element_type=\"widget\" data-e-type=\"widget\" data-widget_type=\"text-editor.default\">\n\t\t\t\t<div class=\"elementor-widget-container\">\n\t\t\t\t\t\t\t\t\t<p><strong><em><u>Equipe 1 <\/u><\/em><\/strong><\/p><p><strong>L\u2019activit\u00e9 physique et sportive de l\u2019enfant et de l\u2019adolescent comme facteur de sant\u00e9 physique (A.P.S.E.A.S.P)<\/strong><\/p><ul><li>Chef d\u2019\u00e9quipe\u00a0: <strong>LOUH HICHAM \u00a0Professeur<\/strong><\/li><li><strong>Membres de l\u2019\u00e9quipe<em> (Nom, Pr\u00e9nom, Grade, e-mail)\u00a0:<\/em><\/strong><\/li><\/ul><div><table width=\"671\"><tbody><tr><td width=\"246\"><p>Nom &amp; Pr\u00e9nom<\/p><\/td><td width=\"123\"><p>Grade<\/p><\/td><td width=\"302\"><p><strong><em>e-mail<\/em><\/strong><\/p><\/td><\/tr><tr><td width=\"246\"><p><strong>LOUH \u00a0HICHAM \u00a0<\/strong><\/p><\/td><td width=\"123\"><p><strong>Pr<\/strong><\/p><\/td><td width=\"302\"><p>hicham.louh@univ-usto.com<\/p><\/td><\/tr><tr><td width=\"246\"><p><strong>Yahiaoui Ahmed<\/strong><\/p><\/td><td width=\"123\"><p><strong>MCA<\/strong><\/p><\/td><td width=\"302\"><p>ahmed.yahiaoui@univ-usto.com<\/p><\/td><\/tr><tr><td width=\"246\"><p><strong>Gherici Houari<\/strong><\/p><\/td><td width=\"123\"><p><strong>MCA<\/strong><\/p><\/td><td width=\"302\"><p>houari.gherici@univ-usto.com<\/p><\/td><\/tr><tr><td width=\"246\"><p><strong>ASLI Houssin<\/strong><\/p><\/td><td width=\"123\"><p><strong>MCA<\/strong><\/p><\/td><td width=\"302\"><p>houcine.asli@univ-usto.com<\/p><\/td><\/tr><tr><td width=\"246\"><p><strong>BOUCHIBA Moustafa<\/strong><\/p><\/td><td width=\"123\"><p><strong>MCA<\/strong><\/p><\/td><td width=\"302\"><p>mustapha.bouchiba@univ-usto.com<\/p><\/td><\/tr><tr><td width=\"246\"><p><strong>KHIAT Belkacem<\/strong><\/p><\/td><td width=\"123\"><p><strong>Pr<\/strong><\/p><\/td><td width=\"302\"><p>belkacem.khiat@univ-usto.com<\/p><\/td><\/tr><tr><td width=\"246\"><p><strong>SAHNOUNE ABDELATIF<\/strong><\/p><\/td><td width=\"123\"><p><strong>Doctorant<\/strong><\/p><\/td><td width=\"302\"><p>lotfisahnoune@yahoo.com<\/p><\/td><\/tr><tr><td width=\"246\"><p><strong>NAASSE Abdeselem<\/strong><\/p><\/td><td width=\"123\"><p><strong>Doctorant<\/strong><\/p><\/td><td width=\"302\"><p>abdeselem.naasse@univ-usto.com<\/p><\/td><\/tr><tr><td width=\"246\"><p><strong>Hammoudi alaeddine<\/strong><\/p><\/td><td width=\"123\"><p><strong>Doctorant<\/strong><\/p><\/td><td width=\"302\"><p>allaa.hemmoudi@outlook.com<\/p><\/td><\/tr><\/tbody><\/table><b><i><br \/><\/i><\/b><\/div>\t\t\t\t\t\t\t\t<\/div>\n\t\t\t\t<\/div>\n\t\t\t\t\t<\/div>\n\t\t<\/div>\n\t\t\t\t<div class=\"elementor-column elementor-col-50 elementor-top-column elementor-element elementor-element-b18da90\" data-id=\"b18da90\" data-element_type=\"column\" data-e-type=\"column\">\n\t\t\t<div class=\"elementor-widget-wrap elementor-element-populated\">\n\t\t\t\t\t\t<div class=\"elementor-element elementor-element-6b79121 elementor-widget elementor-widget-text-editor\" data-id=\"6b79121\" data-element_type=\"widget\" data-e-type=\"widget\" data-widget_type=\"text-editor.default\">\n\t\t\t\t<div class=\"elementor-widget-container\">\n\t\t\t\t\t\t\t\t\t<p><strong><em><u>Equipe 2 <\/u><\/em><\/strong><\/p><p><strong>\u00a0L\u2019activit\u00e9 physique et sportive de l\u2019enfant et de l\u2019adolescent handicap\u00e9 comme facteur d\u2019int\u00e9gration sociale. (A.P.S.E.A.H.I.S)<\/strong><\/p><p>Chef d\u2019\u00e9quipe\u00a0: <strong>MEHIDI MOHAMMED Professeur<\/strong><\/p><ul><li><strong>Membres de l\u2019\u00e9quipe<em> (Nom, Pr\u00e9nom, Grade, e-mail)<\/em><\/strong><\/li><\/ul><table width=\"643\"><tbody><tr><td width=\"227\"><p>Nom &amp; Pr\u00e9nom<\/p><\/td><td width=\"104\"><p>Grade<\/p><\/td><td width=\"312\"><p><strong><em>e-mail<\/em><\/strong><\/p><\/td><\/tr><tr><td width=\"227\"><p><strong>Kaboura Larbi<\/strong><\/p><\/td><td width=\"104\"><p><strong>MCA<\/strong><\/p><\/td><td width=\"312\"><p>Larbi.kaboura@univ-usto.com<\/p><\/td><\/tr><tr><td width=\"227\"><p><strong>Bensassi Souleymane<\/strong><\/p><\/td><td width=\"104\"><p><strong>MCA<\/strong><\/p><\/td><td width=\"312\"><p>Souleymane.bensassi@univ-usto.com<\/p><\/td><\/tr><tr><td width=\"227\"><p><strong>CHEIKH Safi<\/strong><\/p><\/td><td width=\"104\"><p><strong>MCA<\/strong><\/p><\/td><td width=\"312\"><p>safieps@yahoo.fr<\/p><\/td><\/tr><tr><td width=\"227\"><p><strong>BOUFADENE Othmane<\/strong><\/p><\/td><td width=\"104\"><p><strong>MCA<\/strong><\/p><\/td><td width=\"312\"><p>othmane.<a href=\"mailto:boufadeneattou@gmail.com\">boufadene@univ-usto.com <\/a><\/p><\/td><\/tr><tr><td width=\"227\"><p><strong>LARBAOUI Sahnoune<\/strong><\/p><\/td><td width=\"104\"><p><strong>MCA<\/strong><\/p><\/td><td width=\"312\"><p>sahnoune.larbaoui@univ-usto.com<\/p><\/td><\/tr><tr><td width=\"227\"><p><strong>SETAOUTI Mohamed Djamel Eddine<\/strong><\/p><\/td><td width=\"104\"><p><strong>MAA<\/strong><\/p><\/td><td width=\"312\"><p>mohamed.setaouti@univ-usto.com<\/p><\/td><\/tr><tr><td width=\"227\"><p><strong>HAMDINI ISHAK<\/strong><\/p><\/td><td width=\"104\"><p><strong>Doctorant<\/strong><\/p><\/td><td width=\"312\"><p>hamdini.ishak@gmail.com<\/p><\/td><\/tr><tr><td width=\"227\"><p><strong>Seghari taqieddine<\/strong><\/p><\/td><td width=\"104\"><p><strong>Doctorant<\/strong><\/p><\/td><td width=\"312\"><p>taqiseghari@gmail.com<\/p><\/td><\/tr><tr><td width=\"227\"><p><strong>HAMSI Billal<\/strong><\/p><\/td><td width=\"104\"><p><strong>Doctorant<\/strong><\/p><\/td><td width=\"312\"><p>billal.hamsi@univ-usto.com<\/p><\/td><\/tr><tr><td width=\"227\"><p><strong>KADDOUR Mohamed<\/strong><\/p><\/td><td width=\"104\"><p><strong>Doctorant<\/strong><\/p><\/td><td width=\"312\"><p>mohamed.kaddour@univ-usto.com<\/p><\/td><\/tr><\/tbody><\/table>\t\t\t\t\t\t\t\t<\/div>\n\t\t\t\t<\/div>\n\t\t\t\t\t<\/div>\n\t\t<\/div>\n\t\t\t\t\t<\/div>\n\t\t<\/section>\n\t\t\t\t<section class=\"elementor-section elementor-top-section elementor-element elementor-element-73bb294 elementor-section-boxed elementor-section-height-default elementor-section-height-default\" data-id=\"73bb294\" data-element_type=\"section\" data-e-type=\"section\">\n\t\t\t\t\t\t<div class=\"elementor-container elementor-column-gap-default\">\n\t\t\t\t\t<div class=\"elementor-column elementor-col-50 elementor-top-column elementor-element elementor-element-6766464\" data-id=\"6766464\" data-element_type=\"column\" data-e-type=\"column\">\n\t\t\t<div class=\"elementor-widget-wrap elementor-element-populated\">\n\t\t\t\t\t\t<div class=\"elementor-element elementor-element-9342267 elementor-widget elementor-widget-text-editor\" data-id=\"9342267\" data-element_type=\"widget\" data-e-type=\"widget\" data-widget_type=\"text-editor.default\">\n\t\t\t\t<div class=\"elementor-widget-container\">\n\t\t\t\t\t\t\t\t\t<p><strong><em><u>Equipe 3 <\/u><\/em><\/strong><\/p><p><strong>L\u2019activit\u00e9 physique et sportive de l\u2019enfant et de l\u2019adolescent comme facteur de r\u00e9ussite scolaire.( A.P.S.E.D.R.S)<\/strong><\/p><ul><li>Chef d\u2019\u00e9quipe\u00a0:<strong> KASMI BACHIR<\/strong> <strong>Professeur<\/strong><\/li><li><strong>Membres de l\u2019\u00e9quipe<em> (Nom, Pr\u00e9nom, Grade, e-mail)<\/em><\/strong><\/li><\/ul><table width=\"622\"><tbody><tr><td width=\"197\"><p>Nom &amp; Pr\u00e9nom<\/p><\/td><td width=\"142\"><p>Grade<\/p><\/td><td width=\"284\"><p><strong><em>e-mail<\/em><\/strong><\/p><\/td><\/tr><tr><td width=\"197\"><p><strong>Guerrach Ladjel<\/strong><\/p><\/td><td width=\"142\"><p><strong>MCA<\/strong><\/p><\/td><td width=\"284\"><p>Ladjel.guerrach@univ-usto.com<\/p><\/td><\/tr><tr><td width=\"197\"><p><strong>Sayad\u00a0 hadj<\/strong><\/p><\/td><td width=\"142\"><p><strong>MCA<\/strong><\/p><\/td><td width=\"284\"><p>Hadj.sayad@univ-usto.com<\/p><\/td><\/tr><tr><td width=\"197\"><p><strong>BELKADA<\/strong><strong> Houari<\/strong><\/p><\/td><td width=\"142\"><p><strong>MCA<\/strong><\/p><\/td><td width=\"284\"><p>houaribenkada1976@gmail.com<\/p><\/td><\/tr><tr><td width=\"197\"><p><strong>DERBAL Fethi<\/strong><\/p><\/td><td width=\"142\"><p><strong>MCA<\/strong><\/p><\/td><td width=\"284\"><p>fethi.derbal@univ-usto.com<\/p><\/td><\/tr><tr><td width=\"197\"><p><strong>ZEMALI Mohammed<\/strong><\/p><\/td><td width=\"142\"><p><strong>MCA<\/strong><\/p><\/td><td width=\"284\"><p>mohamed.<a href=\"mailto:zemalimohamed@yahoo.com\">zemali<\/a>@univ-usto.com<\/p><\/td><\/tr><tr><td width=\"197\"><p><strong>AGBOUBI Habib<\/strong><\/p><\/td><td width=\"142\"><p><strong>MCA<\/strong><\/p><\/td><td width=\"284\"><p>habib.agboubi@univ-usto.com<\/p><\/td><\/tr><tr><td width=\"197\"><p><strong>KAHLAOUI RACHID<\/strong><\/p><\/td><td width=\"142\"><p><strong>Doctorant<\/strong><\/p><\/td><td width=\"284\"><p>kahlaouiRachid@yahoo.fr<\/p><\/td><\/tr><tr><td width=\"197\"><p><strong>BENSAADI MOHAMED YACINE<\/strong><\/p><\/td><td width=\"142\"><p><strong>Doctorant<\/strong><\/p><\/td><td width=\"284\"><p>yacine-moh@live.fr<\/p><\/td><\/tr><tr><td width=\"197\"><p><strong>OUKILI\u00a0 SALAHDINE<\/strong><\/p><\/td><td width=\"142\"><p><strong>Doctorant<\/strong><\/p><\/td><td width=\"284\"><p>hirochimaozil@gmail.com<\/p><\/td><\/tr><tr><td width=\"197\"><p><strong>ANANI Salem<\/strong><\/p><\/td><td width=\"142\"><p><strong>Doctorant<\/strong><\/p><\/td><td width=\"284\"><p>salah160211@gmail.com<\/p><\/td><\/tr><\/tbody><\/table>\t\t\t\t\t\t\t\t<\/div>\n\t\t\t\t<\/div>\n\t\t\t\t\t<\/div>\n\t\t<\/div>\n\t\t\t\t<div class=\"elementor-column elementor-col-50 elementor-top-column elementor-element elementor-element-4eaa319\" data-id=\"4eaa319\" data-element_type=\"column\" data-e-type=\"column\">\n\t\t\t<div class=\"elementor-widget-wrap elementor-element-populated\">\n\t\t\t\t\t\t<div class=\"elementor-element elementor-element-85ead44 elementor-widget elementor-widget-text-editor\" data-id=\"85ead44\" data-element_type=\"widget\" data-e-type=\"widget\" data-widget_type=\"text-editor.default\">\n\t\t\t\t<div class=\"elementor-widget-container\">\n\t\t\t\t\t\t\t\t\t<p><strong><em><u>Equipe 4 <\/u><\/em><\/strong><\/p><p><strong>Le d\u00e9veloppement de l\u2019activit\u00e9 physique et sportive de l\u2019enfant et de l\u2019adolescent \u00e0 l\u2019\u00e9cole comme facteur de base du sport de haut niveau (D.A.P.S.E.A.B.S.H.N)<\/strong><\/p><ul><li>Chef d\u2019\u00e9quipe\u00a0: <strong>SEGHIR Noureddine<\/strong><\/li><\/ul><p><a href=\"mailto:nsegheir@yahoo.fr\">nsegheir@yahoo.fr<\/a><\/p><p><strong>Membres de l\u2019\u00e9quipe<em> (Nom, Pr\u00e9nom, Grade, e-mail)<\/em><\/strong><\/p><p>\u00a0<\/p><table width=\"652\"><tbody><tr><td width=\"217\"><p>Nom &amp; Pr\u00e9nom<\/p><\/td><td width=\"151\"><p>Grade<\/p><\/td><td width=\"284\"><p><strong><em>e-mail<\/em><\/strong><\/p><\/td><\/tr><tr><td width=\"217\"><p><strong>Kerarma Ahmed<\/strong><\/p><\/td><td width=\"151\"><p><strong>Pr<\/strong><\/p><\/td><td width=\"284\"><p>ahmed.kerarma@univ-usto.com<\/p><\/td><\/tr><tr><td width=\"217\"><p><strong>Chenouf khaled<\/strong><\/p><\/td><td width=\"151\"><p><strong>MCA<\/strong><\/p><\/td><td width=\"284\"><p><a href=\"mailto:khaled.chenouf@univ-usto.com%20\">khaled.chenouf@univ-usto.com <\/a><\/p><\/td><\/tr><tr><td width=\"217\"><p><strong>MERZOUGUE Djamel<\/strong><\/p><\/td><td width=\"151\"><p><strong>MCA<\/strong><\/p><\/td><td width=\"284\"><p>djamel.merzougue@univ-usto.com<\/p><\/td><\/tr><tr><td width=\"217\"><p><strong>ABBAS Amira<\/strong><\/p><\/td><td width=\"151\"><p><strong>MCA<\/strong><\/p><\/td><td width=\"284\"><p>Amira.abbas@univ-usto.com<\/p><\/td><\/tr><tr><td width=\"217\"><p><strong>DOUAH Bachir<\/strong><\/p><\/td><td width=\"151\"><p><strong>MCA<\/strong><\/p><\/td><td width=\"284\"><p><a href=\"mailto:bachir.douah@univ-usto.com%20\">bachir.douah@univ-usto.com <\/a><\/p><\/td><\/tr><tr><td width=\"217\"><p><strong>SAADAOUI ABDELATIF<\/strong><\/p><\/td><td width=\"151\"><p><strong>Doctorant<\/strong><\/p><\/td><td width=\"284\"><p><a href=\"mailto:dzlatif8@gmail.com\">dzlatif8@gmail.com<\/a><\/p><\/td><\/tr><tr><td width=\"217\"><p><strong>OUHASSINE IBRAHIM<\/strong><\/p><\/td><td width=\"151\"><p><strong>Doctorant<\/strong><\/p><\/td><td width=\"284\"><p>ohssnibrahime@gmail.com<\/p><\/td><\/tr><tr><td width=\"217\"><p><strong>DJEBBARI Omar<\/strong><\/p><\/td><td width=\"151\"><p><strong>Doctorant<\/strong><\/p><\/td><td width=\"284\"><p>hamzaomartlm@gmail.com<\/p><\/td><\/tr><tr><td width=\"217\"><p><strong>ACHEB LAKHDAR<\/strong><\/p><\/td><td width=\"151\"><p><strong>Doctorant<\/strong><\/p><\/td><td width=\"284\"><p>lakhdaracheb@gmail.com<\/p><\/td><\/tr><tr><td width=\"217\"><p><strong>MAMERI Billal<\/strong><\/p><\/td><td width=\"151\"><p><strong>Doctorant<\/strong><\/p><\/td><td width=\"284\"><p>billal.mameri@univ-usto.com<\/p><\/td><\/tr><tr><td width=\"217\"><p><strong>Touil Adjel<\/strong><\/p><\/td><td width=\"151\"><p><strong>Doctorant<\/strong><\/p><\/td><td width=\"284\"><p>adjel.touil@univ-usto.com<\/p><\/td><\/tr><\/tbody><\/table>\t\t\t\t\t\t\t\t<\/div>\n\t\t\t\t<\/div>\n\t\t\t\t\t<\/div>\n\t\t<\/div>\n\t\t\t\t\t<\/div>\n\t\t<\/section>\n\t\t\t\t<section class=\"elementor-section elementor-top-section elementor-element elementor-element-5c93d72 elementor-section-boxed elementor-section-height-default elementor-section-height-default\" data-id=\"5c93d72\" data-element_type=\"section\" data-e-type=\"section\">\n\t\t\t\t\t\t<div class=\"elementor-container elementor-column-gap-default\">\n\t\t\t\t\t<div class=\"elementor-column elementor-col-100 elementor-top-column elementor-element elementor-element-8aebb76\" data-id=\"8aebb76\" data-element_type=\"column\" data-e-type=\"column\">\n\t\t\t<div class=\"elementor-widget-wrap elementor-element-populated\">\n\t\t\t\t\t\t<div class=\"elementor-element elementor-element-5c0138a elementor-widget elementor-widget-text-editor\" data-id=\"5c0138a\" data-element_type=\"widget\" data-e-type=\"widget\" data-widget_type=\"text-editor.default\">\n\t\t\t\t<div class=\"elementor-widget-container\">\n\t\t\t\t\t\t\t\t\t<h2 style=\"text-align: center;\"><strong><em>Th\u00e8mes de Recherches<\/em><\/strong><\/h2><h4 style=\"text-align: left;\"><strong style=\"font-size: 17px; text-align: left; background-color: inherit;\"><em>Th\u00e9matique Equipe<\/em><\/strong><strong style=\"font-size: 17px; text-align: left; background-color: inherit;\"><em> 1<\/em><\/strong><\/h4><div><strong style=\"font-size: 17px; text-align: left; background-color: inherit;\">\u00a0<\/strong><\/div><h4 style=\"text-align: left;\">&#8211; Mesurer l\u2019activit\u00e9 physique des enfants et adolescents alg\u00e9riens\u00a0;<br \/>&#8211; D\u00e9finir la nature et le contenu des activit\u00e9s physiques et sportives permettant de lutter contre le ph\u00e9nom\u00e8ne du surpoids chez les enfants scolaris\u00e9s\u00a0;<br \/>&#8211; Etude de l\u2019activit\u00e9 structur\u00e9e et non structur\u00e9e des enfants de moins de 6 ans (jardin d\u2019enfant, pr\u00e9scolaire)\u00a0;<br \/>&#8211; Promotion de l\u2019importance de l\u2019activit\u00e9 physique et sportive aupr\u00e8s de tous les acteurs charg\u00e9s de l\u2019\u00e9ducation\u00a0: parents, \u00e9ducateurs, directeurs d\u2019\u00e9coles et de coll\u00e8ges, responsables locaux)\u00a0;<\/h4><div>\u00a0<\/div><div><p><strong>Description de la th\u00e9matique<\/strong><\/p><p>\u00a0<strong>\u00a0\u00a0\u00a0\u00a0\u00a0\u00a0 Le but de cette \u00e9quipe est d\u2019\u00e9tudier l\u2019impact du niveau et de la nature de l\u2019activit\u00e9 physique structur\u00e9e de l\u2019enfant et adolescent alg\u00e9rien sur ses r\u00e9sultats scolaires. Il s\u2019agira aussi pour cette \u00e9quipe, dans le m\u00eame sens, d\u2019\u00e9valuer l\u2019influence qu\u2019aura une augmentation du volume horaire hebdomadaire des s\u00e9ances d\u2019\u00e9ducation physique sur les performances scolaires des enfants et adolescents. Les donn\u00e9es actuelles soulignent le sens d\u2019une r\u00e9vision du volume des \u00e9tudes en classe et des activit\u00e9s physiques. Sont particuli\u00e8rement vis\u00e9s par cette \u00e9tude les enfants scolaris\u00e9s dans le primaire qui ne b\u00e9n\u00e9ficient jusqu\u2019\u00e0 pr\u00e9sent d\u2019aucune \u00e9ducation physique structur\u00e9e bien qu\u2019elle fait th\u00e9oriquement partie de leur cursus scolaire.<\/strong><\/p><\/div>\t\t\t\t\t\t\t\t<\/div>\n\t\t\t\t<\/div>\n\t\t\t\t\t<\/div>\n\t\t<\/div>\n\t\t\t\t\t<\/div>\n\t\t<\/section>\n\t\t\t\t<section class=\"elementor-section elementor-top-section elementor-element elementor-element-d1146de elementor-section-boxed elementor-section-height-default elementor-section-height-default\" data-id=\"d1146de\" data-element_type=\"section\" data-e-type=\"section\">\n\t\t\t\t\t\t<div class=\"elementor-container elementor-column-gap-default\">\n\t\t\t\t\t<div class=\"elementor-column elementor-col-100 elementor-top-column elementor-element elementor-element-651affd\" data-id=\"651affd\" data-element_type=\"column\" data-e-type=\"column\">\n\t\t\t<div class=\"elementor-widget-wrap elementor-element-populated\">\n\t\t\t\t\t\t<div class=\"elementor-element elementor-element-960cdd7 elementor-widget elementor-widget-text-editor\" data-id=\"960cdd7\" data-element_type=\"widget\" data-e-type=\"widget\" data-widget_type=\"text-editor.default\">\n\t\t\t\t<div class=\"elementor-widget-container\">\n\t\t\t\t\t\t\t\t\t<h3><strong><em>Th\u00e9matique Equipe<\/em><\/strong><strong><em> 2<\/em><\/strong><\/h3><div><strong><em>\u00a0<\/em><\/strong><\/div><h3>&#8211; Approche de l\u2019adaptation de l\u2019enfant ou adolescent handicap\u00e9 dans le cours d\u2019\u00e9ducation physique et sportive\u00a0;<\/h3><h3>&#8211;\u00a0 D\u00e9terminer les activit\u00e9s physiques et\/ou sportives les plus int\u00e9gratives pour l\u2019enfant handicap\u00e9\u00a0;<\/h3><h3>&#8211; L\u2019int\u00e9gration de l\u2019activit\u00e9 physique et sportive adapt\u00e9e dans le cursus de formation des \u00e9coles sp\u00e9cialis\u00e9es pour enfants handicap\u00e9s\u00a0;<\/h3><div>\u00a0<\/div><p><strong>Description de la th\u00e9matique<\/strong><\/p><p>Les objectifs de cette \u00e9quipe sont de connaitre la nature et le niveau d\u2019activit\u00e9 physique des enfants et adolescents scolaris\u00e9s dans les \u00e9tablissements sp\u00e9cialis\u00e9s. Il s\u2019agira de connaitre quel sera le niveau de contribution d\u2019une activit\u00e9 physique adapt\u00e9e dans l\u2019am\u00e9lioration de la sant\u00e9 en g\u00e9n\u00e9rale des enfants et en particulier dans quelle mesure cette activit\u00e9 aide \u00e0 l\u2019int\u00e9gration sociale de ces jeunes. Les donn\u00e9es obtenues devront permettre de mettre au point des programmes d\u2019activit\u00e9s physiques et sportives adapt\u00e9s que nous pr\u00e9coniseront \u00e0 inclure dans le cursus de formation de ces \u00e9coles sp\u00e9cialis\u00e9es. Seront \u00e9tudi\u00e9s aussi parall\u00e8lement les activit\u00e9s des jeunes handicap\u00e9s pratiquants le sport de comp\u00e9tition (handisport) et leur impact sur la sant\u00e9.<\/p>\t\t\t\t\t\t\t\t<\/div>\n\t\t\t\t<\/div>\n\t\t\t\t\t<\/div>\n\t\t<\/div>\n\t\t\t\t\t<\/div>\n\t\t<\/section>\n\t\t\t\t<section class=\"elementor-section elementor-top-section elementor-element elementor-element-f284f8e elementor-section-boxed elementor-section-height-default elementor-section-height-default\" data-id=\"f284f8e\" data-element_type=\"section\" data-e-type=\"section\">\n\t\t\t\t\t\t<div class=\"elementor-container elementor-column-gap-default\">\n\t\t\t\t\t<div class=\"elementor-column elementor-col-100 elementor-top-column elementor-element elementor-element-b469734\" data-id=\"b469734\" data-element_type=\"column\" data-e-type=\"column\">\n\t\t\t<div class=\"elementor-widget-wrap elementor-element-populated\">\n\t\t\t\t\t\t<div class=\"elementor-element elementor-element-2f05435 elementor-widget elementor-widget-text-editor\" data-id=\"2f05435\" data-element_type=\"widget\" data-e-type=\"widget\" data-widget_type=\"text-editor.default\">\n\t\t\t\t<div class=\"elementor-widget-container\">\n\t\t\t\t\t\t\t\t\t<h3><strong><em>Th\u00e9matique Equipe <\/em><\/strong><strong><em>3<\/em><\/strong><\/h3><div><strong><em>\u00a0<\/em><\/strong><\/div><h3>&#8211;\u00a0 Mesurer les effets \u00e0 long terme d\u2019une pratique physique et sportive extrascolaire sur les performances acad\u00e9miques \u00e0 l\u2019\u00e9cole et au coll\u00e8ge, selon que cette pratique soit r\u00e9guli\u00e8re, irr\u00e9guli\u00e8re ou absente ;<\/h3><h3>&#8211; Consacrer plus d\u2019heures \u00e0 l\u2019<a href=\"http:\/\/www.passeportsante.net\/fr\/Therapies\/Guide\/Fiche.aspx?doc=forme_physique_raisons_bouger_th\">activit\u00e9 physique<\/a> en milieu scolaire am\u00e9liorerait la performance scolaire des \u00e9l\u00e8ves, m\u00eame en retranchant des heures \u00e0 l\u2019enseignement des autres mati\u00e8res\u00a0;<\/h3><h3>\u00a0<\/h3><p><strong>Description de la th\u00e9matique<\/strong><\/p><p>\u00a0\u00a0\u00a0\u00a0\u00a0\u00a0\u00a0\u00a0 Le but de cette \u00e9quipe est d\u2019\u00e9tudier l\u2019impact du niveau et de la nature de l\u2019activit\u00e9 physique structur\u00e9e de l\u2019enfant et adolescent alg\u00e9rien sur ses r\u00e9sultats scolaires. Il s\u2019agira aussi pour cette \u00e9quipe, dans le m\u00eame sens, d\u2019\u00e9valuer l\u2019influence qu\u2019aura une augmentation du volume horaire hebdomadaire des s\u00e9ances d\u2019\u00e9ducation physique sur les performances scolaires des enfants et adolescents. Les donn\u00e9es actuelles soulignent le sens d\u2019une r\u00e9vision du volume des \u00e9tudes en classe et des activit\u00e9s physiques. Sont particuli\u00e8rement vis\u00e9s par cette \u00e9tude les enfants scolaris\u00e9s dans le primaire qui ne b\u00e9n\u00e9ficient jusqu\u2019\u00e0 pr\u00e9sent d\u2019aucune \u00e9ducation physique structur\u00e9e bien qu\u2019elle fasse th\u00e9oriquement partie de leur cursus scolaire.<\/p>\t\t\t\t\t\t\t\t<\/div>\n\t\t\t\t<\/div>\n\t\t\t\t\t<\/div>\n\t\t<\/div>\n\t\t\t\t\t<\/div>\n\t\t<\/section>\n\t\t\t\t<section class=\"elementor-section elementor-top-section elementor-element elementor-element-9232dcd elementor-section-boxed elementor-section-height-default elementor-section-height-default\" data-id=\"9232dcd\" data-element_type=\"section\" data-e-type=\"section\">\n\t\t\t\t\t\t<div class=\"elementor-container elementor-column-gap-default\">\n\t\t\t\t\t<div class=\"elementor-column elementor-col-100 elementor-top-column elementor-element elementor-element-2e7ca32\" data-id=\"2e7ca32\" data-element_type=\"column\" data-e-type=\"column\">\n\t\t\t<div class=\"elementor-widget-wrap elementor-element-populated\">\n\t\t\t\t\t\t<div class=\"elementor-element elementor-element-cbdb463 elementor-widget elementor-widget-text-editor\" data-id=\"cbdb463\" data-element_type=\"widget\" data-e-type=\"widget\" data-widget_type=\"text-editor.default\">\n\t\t\t\t<div class=\"elementor-widget-container\">\n\t\t\t\t\t\t\t\t\t<h3><strong>Th\u00e9matique Equipe<\/strong><strong><em> 4<\/em><\/strong><\/h3><p>\u00a0<\/p><h3>&#8211; Une Education Physique et Sportive de qualit\u00e9 \u00e0 tous les paliers de l\u2019\u00e9ducation de l\u2019enfant comme assise \u00e0 l\u2019\u00e9mergence de talents sportifs\u00a0;<\/h3><h3>&#8211; La formation de qualit\u00e9 d\u2019enseignants de l\u2019\u00e9ducation physique et sportive pour chaque palier de l\u2019\u00e9ducation peut contribuer d\u2019une mani\u00e8re d\u00e9terminante \u00e0 l\u2019am\u00e9lioration du sport de haut niveau en Alg\u00e9rie\u00a0;<\/h3><h3>&#8211; Comment renforcer les relations compl\u00e9mentaires entre l\u2019EPS, les \u00e9coles de sport, le sport-\u00e9tudes, le sport de comp\u00e9tition et le sport de haut niveau\u00a0?<\/h3><div>\u00a0<\/div><p><strong>Description de la th\u00e9matique (15 \u00e0 20 lignes)<\/strong><\/p><p>Le sport de haut niveau comme le montrent la majorit\u00e9 des \u00e9tudes n\u00e9cessite un d\u00e9veloppement de l\u2019athl\u00e8te \u00e0 long terme. Le vivier dans lequel puise le haut niveau est naturellement l\u2019\u00e9cole en g\u00e9n\u00e9ral et les \u00e9coles de sport en particulier (ainsi que maintenant les classes sport-\u00e9tudes). Cette \u00e9quipe a pour objectif d\u2019\u00e9tudier l\u2019impact d\u2019une \u00e9ducation physique et sportive de qualit\u00e9 dans le pr\u00e9scolaire et ensuite \u00e0 l\u2019\u00e9cole primaire sur le d\u00e9veloppement l\u2019enfant en g\u00e9n\u00e9ral et sur ses aptitudes motrices en particulier. Il s\u2019agit de prouver et de convaincre qu\u2019une activit\u00e9 physique et sportive de qualit\u00e9 d\u00e8s le jeune \u00e2ge est garante d\u2019une part d\u2019une population en meilleure sant\u00e9 et d\u2019autre part d\u2019une am\u00e9lioration notable des r\u00e9sultats de notre sport de haut niveau.<\/p>\t\t\t\t\t\t\t\t<\/div>\n\t\t\t\t<\/div>\n\t\t\t\t\t<\/div>\n\t\t<\/div>\n\t\t\t\t\t<\/div>\n\t\t<\/section>\n\t\t\t\t<\/div>\n\t\t","protected":false},"excerpt":{"rendered":"<p>&nbsp; &nbsp; &nbsp; &nbsp; &nbsp; &nbsp; &nbsp; &nbsp; &nbsp; &nbsp; &nbsp; &nbsp; &nbsp; &nbsp; &nbsp; &nbsp; &nbsp; &nbsp; &nbsp; &nbsp; &nbsp; &nbsp; &nbsp; &nbsp; &nbsp; &nbsp; &nbsp; &nbsp; &nbsp; &nbsp; <a href=\"https:\/\/www.univ-usto.dz\/instituts\/ieps\/laboratoire\/\" class=\"read-more\">Lire la suite &#8230;<\/a><\/p>\n","protected":false},"author":24,"featured_media":12650,"comment_status":"open","ping_status":"open","sticky":false,"template":"","format":"standard","meta":{"footnotes":""},"categories":[198,157],"tags":[],"class_list":["post-12631","post","type-post","status-publish","format-standard","has-post-thumbnail","hentry","category-institut","category-non-classe-fr"],"_links":{"self":[{"href":"https:\/\/www.univ-usto.dz\/instituts\/ieps\/wp-json\/wp\/v2\/posts\/12631","targetHints":{"allow":["GET"]}}],"collection":[{"href":"https:\/\/www.univ-usto.dz\/instituts\/ieps\/wp-json\/wp\/v2\/posts"}],"about":[{"href":"https:\/\/www.univ-usto.dz\/instituts\/ieps\/wp-json\/wp\/v2\/types\/post"}],"author":[{"embeddable":true,"href":"https:\/\/www.univ-usto.dz\/instituts\/ieps\/wp-json\/wp\/v2\/users\/24"}],"replies":[{"embeddable":true,"href":"https:\/\/www.univ-usto.dz\/instituts\/ieps\/wp-json\/wp\/v2\/comments?post=12631"}],"version-history":[{"count":15,"href":"https:\/\/www.univ-usto.dz\/instituts\/ieps\/wp-json\/wp\/v2\/posts\/12631\/revisions"}],"predecessor-version":[{"id":12652,"href":"https:\/\/www.univ-usto.dz\/instituts\/ieps\/wp-json\/wp\/v2\/posts\/12631\/revisions\/12652"}],"wp:featuredmedia":[{"embeddable":true,"href":"https:\/\/www.univ-usto.dz\/instituts\/ieps\/wp-json\/wp\/v2\/media\/12650"}],"wp:attachment":[{"href":"https:\/\/www.univ-usto.dz\/instituts\/ieps\/wp-json\/wp\/v2\/media?parent=12631"}],"wp:term":[{"taxonomy":"category","embeddable":true,"href":"https:\/\/www.univ-usto.dz\/instituts\/ieps\/wp-json\/wp\/v2\/categories?post=12631"},{"taxonomy":"post_tag","embeddable":true,"href":"https:\/\/www.univ-usto.dz\/instituts\/ieps\/wp-json\/wp\/v2\/tags?post=12631"}],"curies":[{"name":"wp","href":"https:\/\/api.w.org\/{rel}","templated":true}]}}